{"id":10890,"date":"2015-02-26T08:54:33","date_gmt":"2015-02-26T06:54:33","guid":{"rendered":"http:\/\/blogg.improveme.se\/tanjafylking\/?p=10890"},"modified":"2015-03-02T14:59:38","modified_gmt":"2015-03-02T12:59:38","slug":"nej-tack-till-cancer","status":"publish","type":"post","link":"https:\/\/blogg.improveme.se\/tanjafylking\/2015\/02\/26\/nej-tack-till-cancer\/","title":{"rendered":"Nej Tack till Cancer!"},"content":{"rendered":"<p>Var p\u00e5 Cancerfondens kontor h\u00e4romdagen f\u00f6r att prata samarbete i kampanjen &#8221;NEJ Tack Till Cancer&#8221;. Ett mycket enkelt beslut f\u00f6r mig och sj\u00e4lvklart t\u00e4nker jag anv\u00e4nda min blogg i detta syfte. Fler \u00e4n n\u00e5gonsin insjuknar i cancer. Idag drabbas en av tre och vi m\u00e5ste v\u00e4nda trenden nu!! F\u00f6r dom som k\u00e4mpar i dag, f\u00f6r dem som drabbas imorgon och f\u00f6r dom som inte l\u00e4ngre \u00e4r med oss. Det r\u00e4cker inte med att cancerfonden s\u00e4ger nej- vi m\u00e5ste s\u00e4ga NEJ tillsammans. F\u00f6r mig kom cancern v\u00e4ldigt n\u00e4ra d\u00e5 en god v\u00e4n vid namn Anna Pehrsson fick obotlig cancer. F\u00f6rra \u00e5ret somnade hon in efter m\u00e5nga \u00e5rs k\u00e4mpande. <a href=\"http:\/\/blogg.improveme.se\/tanjafylking\/2014\/03\/14\/farval-av-en-van\/\">H\u00c4R<\/a> kan du l\u00e4sa mitt blogginl\u00e4gg som jag skrev f\u00f6r ca ett \u00e5r sedan d\u00e5 jag tagit ett sista farv\u00e4l av fina Anna. Jag har f\u00e5tt den stora \u00e4ran att lottas ut 5 st &#8221;Nej till cancer&#8221; m\u00f6ssor och det enda du beh\u00f6ver g\u00f6ra f\u00f6r att vara med i utlottningen \u00e4r att dela detta blogginl\u00e4gg och skriva din lilla ber\u00e4ttelse hur cancern p\u00e5verkat ditt liv eller n\u00e5gon i din n\u00e4rhet. M\u00f6ssorna finns inte att k\u00f6pa utan kan endast f\u00e5s vid en insats mot Cancer, i detta fall din historia (ett billigt bidrag). N\u00e4r du sedan f\u00e5r din m\u00f6ssa s\u00e5 skulle jag bli j\u00e4tteglad om du ville l\u00e4gga ut en bild p\u00e5 instagram\/Facebook och tagga #nejtillcancer #cancerfonden #tanjafylking Jag kommer \u00e4ven att presentera bilderna p\u00e5 min blogg till er som hj\u00e4lpt mig i denna kampanj. All heder! P\u00e5 <a href=\"http:\/\/www.cancerfonden.se\">Cancerfonden.se<\/a> kan man alltid bidra med en slant till forskningen.<\/p>\n<figure id=\"attachment_10896\" aria-describedby=\"caption-attachment-10896\" style=\"width: 630px\" class=\"wp-caption aligncenter\"><a href=\"http:\/\/blogg.improveme.se\/tanjafylking\/files\/2015\/02\/cancerbloggen.jpg\"><img loading=\"lazy\" decoding=\"async\" class=\"wp-image-10896 size-full\" src=\"http:\/\/blogg.improveme.se\/tanjafylking\/files\/2015\/02\/cancerbloggen.jpg\" alt=\"cancerbloggen\" width=\"640\" height=\"480\" srcset=\"https:\/\/blogg.improveme.se\/tanjafylking\/files\/2015\/02\/cancerbloggen.jpg 640w, https:\/\/blogg.improveme.se\/tanjafylking\/files\/2015\/02\/cancerbloggen-300x225.jpg 300w\" sizes=\"auto, (max-width: 640px) 100vw, 640px\" \/><\/a><figcaption id=\"caption-attachment-10896\" class=\"wp-caption-text\">Anna Pehrsson fick obotligcancer som startade med br\u00f6stcancer. Allt f\u00f6r sent uppt\u00e4cktes tum\u00f6ren och spridningen hade redan eskalerat med metastaser i blandannat lungorna. F\u00f6rra \u00e5ret avled hon endast 31 \u00e5r gammal <a href=\"http:\/\/blogg.improveme.se\/tanjafylking\/2014\/03\/14\/farval-av-en-van\/\">H\u00c4R<\/a> kan du l\u00e4sa min historia om ANNA.<\/figcaption><\/figure>\n<figure id=\"attachment_10891\" aria-describedby=\"caption-attachment-10891\" style=\"width: 470px\" class=\"wp-caption aligncenter\"><a href=\"http:\/\/blogg.improveme.se\/tanjafylking\/files\/2015\/02\/bild-317.jpg\"><img loading=\"lazy\" decoding=\"async\" class=\"wp-image-10891 size-full\" src=\"http:\/\/blogg.improveme.se\/tanjafylking\/files\/2015\/02\/bild-317.jpg\" alt=\"bild 3\" width=\"480\" height=\"640\" srcset=\"https:\/\/blogg.improveme.se\/tanjafylking\/files\/2015\/02\/bild-317.jpg 480w, https:\/\/blogg.improveme.se\/tanjafylking\/files\/2015\/02\/bild-317-225x300.jpg 225w\" sizes=\"auto, (max-width: 480px) 100vw, 480px\" \/><\/a><figcaption id=\"caption-attachment-10891\" class=\"wp-caption-text\">Jag &amp; Alexandra<\/figcaption><\/figure>\n<figure id=\"attachment_10892\" aria-describedby=\"caption-attachment-10892\" style=\"width: 470px\" class=\"wp-caption aligncenter\"><a href=\"http:\/\/blogg.improveme.se\/tanjafylking\/files\/2015\/02\/bild-120.jpg\"><img loading=\"lazy\" decoding=\"async\" class=\"wp-image-10892 size-full\" src=\"http:\/\/blogg.improveme.se\/tanjafylking\/files\/2015\/02\/bild-120.jpg\" alt=\"bild 1\" width=\"480\" height=\"640\" srcset=\"https:\/\/blogg.improveme.se\/tanjafylking\/files\/2015\/02\/bild-120.jpg 480w, https:\/\/blogg.improveme.se\/tanjafylking\/files\/2015\/02\/bild-120-225x300.jpg 225w\" sizes=\"auto, (max-width: 480px) 100vw, 480px\" \/><\/a><figcaption id=\"caption-attachment-10892\" class=\"wp-caption-text\">Maken och Figaro ville ocks\u00e5 vara med och st\u00f6tta i kampanjen #nejtillcancer. \u00c5r 2009 gick Gert och Robert Aschberg fr\u00e5n Ystad &#8211; Haparanda f\u00f6r att sprida information och upplysning om Prostatacancer, Sveriges vanligaste Cancerform. P\u00e5 sin promenad som tog ca 3 m\u00e5nader samlade dom in totalt 8 Miljkr till forskningen, helt galet bra!!! Sj\u00e4lv anordnande jag en DOGWalk i samband med detta och drog in ca 27 500kr via mitt f\u00f6retag DOGArtist. Pengarna gick oavkortat till forskningen av prostatacancer.<\/figcaption><\/figure>\n<figure id=\"attachment_10893\" aria-describedby=\"caption-attachment-10893\" style=\"width: 745px\" class=\"wp-caption aligncenter\"><a href=\"http:\/\/blogg.improveme.se\/tanjafylking\/files\/2015\/02\/bild-229.jpg\"><img loading=\"lazy\" decoding=\"async\" class=\"wp-image-10893 size-large\" src=\"http:\/\/blogg.improveme.se\/tanjafylking\/files\/2015\/02\/bild-229-755x566.jpg\" alt=\"bild 2[2]\" width=\"755\" height=\"566\" srcset=\"https:\/\/blogg.improveme.se\/tanjafylking\/files\/2015\/02\/bild-229-755x566.jpg 755w, https:\/\/blogg.improveme.se\/tanjafylking\/files\/2015\/02\/bild-229-300x225.jpg 300w, https:\/\/blogg.improveme.se\/tanjafylking\/files\/2015\/02\/bild-229.jpg 1280w\" sizes=\"auto, (max-width: 755px) 100vw, 755px\" \/><\/a><figcaption id=\"caption-attachment-10893\" class=\"wp-caption-text\">Var tvungna att testa cancerfondens Selfiepinnen ocks\u00e5&#8230;.<\/figcaption><\/figure>\n<figure id=\"attachment_10894\" aria-describedby=\"caption-attachment-10894\" style=\"width: 630px\" class=\"wp-caption aligncenter\"><a href=\"http:\/\/blogg.improveme.se\/tanjafylking\/files\/2015\/02\/bild-416.jpg\"><img loading=\"lazy\" decoding=\"async\" class=\"wp-image-10894 size-full\" src=\"http:\/\/blogg.improveme.se\/tanjafylking\/files\/2015\/02\/bild-416-e1424933331765.jpg\" alt=\"bild 4\" width=\"640\" height=\"640\" srcset=\"https:\/\/blogg.improveme.se\/tanjafylking\/files\/2015\/02\/bild-416-e1424933331765.jpg 640w, https:\/\/blogg.improveme.se\/tanjafylking\/files\/2015\/02\/bild-416-e1424933331765-150x150.jpg 150w, https:\/\/blogg.improveme.se\/tanjafylking\/files\/2015\/02\/bild-416-e1424933331765-300x300.jpg 300w\" sizes=\"auto, (max-width: 640px) 100vw, 640px\" \/><\/a><figcaption id=\"caption-attachment-10894\" class=\"wp-caption-text\">En av dessa 5 m\u00f6ssor kan bli din, dela med dig av DIN historia h\u00e4r p\u00e5 min blogg<\/figcaption><\/figure>\n<figure id=\"attachment_10895\" aria-describedby=\"caption-attachment-10895\" style=\"width: 630px\" class=\"wp-caption aligncenter\"><a href=\"http:\/\/blogg.improveme.se\/tanjafylking\/files\/2015\/02\/bild-59.jpg\"><img loading=\"lazy\" decoding=\"async\" class=\"wp-image-10895 size-full\" src=\"http:\/\/blogg.improveme.se\/tanjafylking\/files\/2015\/02\/bild-59-e1424933358165.jpg\" alt=\"bild 5\" width=\"640\" height=\"640\" srcset=\"https:\/\/blogg.improveme.se\/tanjafylking\/files\/2015\/02\/bild-59-e1424933358165.jpg 640w, https:\/\/blogg.improveme.se\/tanjafylking\/files\/2015\/02\/bild-59-e1424933358165-150x150.jpg 150w, https:\/\/blogg.improveme.se\/tanjafylking\/files\/2015\/02\/bild-59-e1424933358165-300x300.jpg 300w\" sizes=\"auto, (max-width: 640px) 100vw, 640px\" \/><\/a><figcaption id=\"caption-attachment-10895\" class=\"wp-caption-text\">R\u00e4dda liv! Kan vara ditt eget, ditt barns eller din v\u00e4n&#8230;&#8230;<\/figcaption><\/figure>\n<p>&nbsp;<\/p>\n","protected":false},"excerpt":{"rendered":"<p>Var p\u00e5 Cancerfondens kontor h\u00e4romdagen f\u00f6r att prata samarbete i kampanjen &#8221;NEJ Tack Till Cancer&#8221;. Ett mycket enkelt beslut f\u00f6r mig och sj\u00e4lvklart t\u00e4nker jag anv\u00e4nda min blogg i detta syfte. Fler \u00e4n n\u00e5gonsin insjuknar i cancer. Idag drabbas en av tre och vi m\u00e5ste v\u00e4nda trenden nu!! F\u00f6r dom som k\u00e4mpar i dag, f\u00f6r &#8230; <a title=\"Nej Tack till Cancer!\" class=\"read-more\" href=\"https:\/\/blogg.improveme.se\/tanjafylking\/2015\/02\/26\/nej-tack-till-cancer\/\" aria-label=\"L\u00e4s mer om Nej Tack till Cancer!\">L\u00e4s mer<\/a><\/p>\n","protected":false},"author":2675,"featured_media":0,"comment_status":"open","ping_status":"open","sticky":false,"template":"","format":"standard","meta":{"footnotes":""},"categories":[1],"tags":[],"class_list":["post-10890","post","type-post","status-publish","format-standard","hentry","category-okategoriserad"],"_links":{"self":[{"href":"https:\/\/blogg.improveme.se\/tanjafylking\/wp-json\/wp\/v2\/posts\/10890","targetHints":{"allow":["GET"]}}],"collection":[{"href":"https:\/\/blogg.improveme.se\/tanjafylking\/wp-json\/wp\/v2\/posts"}],"about":[{"href":"https:\/\/blogg.improveme.se\/tanjafylking\/wp-json\/wp\/v2\/types\/post"}],"author":[{"embeddable":true,"href":"https:\/\/blogg.improveme.se\/tanjafylking\/wp-json\/wp\/v2\/users\/2675"}],"replies":[{"embeddable":true,"href":"https:\/\/blogg.improveme.se\/tanjafylking\/wp-json\/wp\/v2\/comments?post=10890"}],"version-history":[{"count":0,"href":"https:\/\/blogg.improveme.se\/tanjafylking\/wp-json\/wp\/v2\/posts\/10890\/revisions"}],"wp:attachment":[{"href":"https:\/\/blogg.improveme.se\/tanjafylking\/wp-json\/wp\/v2\/media?parent=10890"}],"wp:term":[{"taxonomy":"category","embeddable":true,"href":"https:\/\/blogg.improveme.se\/tanjafylking\/wp-json\/wp\/v2\/categories?post=10890"},{"taxonomy":"post_tag","embeddable":true,"href":"https:\/\/blogg.improveme.se\/tanjafylking\/wp-json\/wp\/v2\/tags?post=10890"}],"curies":[{"name":"wp","href":"https:\/\/api.w.org\/{rel}","templated":true}]}}