{"id":10921,"date":"2015-03-02T21:55:54","date_gmt":"2015-03-02T19:55:54","guid":{"rendered":"http:\/\/blogg.improveme.se\/tanjafylking\/?p=10921"},"modified":"2015-03-02T22:06:27","modified_gmt":"2015-03-02T20:06:27","slug":"allmant-lag-bara","status":"publish","type":"post","link":"https:\/\/blogg.improveme.se\/tanjafylking\/2015\/03\/02\/allmant-lag-bara\/","title":{"rendered":"Allm\u00e4nt l\u00e5g bara&#8230;.."},"content":{"rendered":"<p><figure id=\"attachment_10922\" aria-describedby=\"caption-attachment-10922\" style=\"width: 630px\" class=\"wp-caption aligncenter\"><a href=\"http:\/\/blogg.improveme.se\/tanjafylking\/files\/2015\/03\/bild3.jpg\"><img loading=\"lazy\" decoding=\"async\" class=\"wp-image-10922 size-full\" src=\"http:\/\/blogg.improveme.se\/tanjafylking\/files\/2015\/03\/bild3.jpg\" alt=\"bild[3]\" width=\"640\" height=\"640\" srcset=\"https:\/\/blogg.improveme.se\/tanjafylking\/files\/2015\/03\/bild3.jpg 640w, https:\/\/blogg.improveme.se\/tanjafylking\/files\/2015\/03\/bild3-150x150.jpg 150w, https:\/\/blogg.improveme.se\/tanjafylking\/files\/2015\/03\/bild3-300x300.jpg 300w\" sizes=\"auto, (max-width: 640px) 100vw, 640px\" \/><\/a><figcaption id=\"caption-attachment-10922\" class=\"wp-caption-text\">Min make vet hur man hanterar en fru som k\u00e4nner sig ynklig och lite krasslig. Fick tv\u00e5 supervackra blombuketter!!! Jag \u00e4r f\u00f6r det mesta en glad skit men kommer ibland ner i rej\u00e4la svackor<\/figcaption><\/figure><figure id=\"attachment_10923\" aria-describedby=\"caption-attachment-10923\" style=\"width: 630px\" class=\"wp-caption aligncenter\"><a href=\"http:\/\/blogg.improveme.se\/tanjafylking\/files\/2015\/03\/bild2.jpg\"><img loading=\"lazy\" decoding=\"async\" class=\"wp-image-10923 size-full\" src=\"http:\/\/blogg.improveme.se\/tanjafylking\/files\/2015\/03\/bild2.jpg\" alt=\"bild[2]\" width=\"640\" height=\"640\" srcset=\"https:\/\/blogg.improveme.se\/tanjafylking\/files\/2015\/03\/bild2.jpg 640w, https:\/\/blogg.improveme.se\/tanjafylking\/files\/2015\/03\/bild2-150x150.jpg 150w, https:\/\/blogg.improveme.se\/tanjafylking\/files\/2015\/03\/bild2-300x300.jpg 300w\" sizes=\"auto, (max-width: 640px) 100vw, 640px\" \/><\/a><figcaption id=\"caption-attachment-10923\" class=\"wp-caption-text\">Denna kille har f\u00f6rgyllt sportlovdagarna:)<\/figcaption><\/figure><\/p>\n","protected":false},"excerpt":{"rendered":"","protected":false},"author":2675,"featured_media":0,"comment_status":"open","ping_status":"open","sticky":false,"template":"","format":"standard","meta":{"footnotes":""},"categories":[1],"tags":[],"class_list":["post-10921","post","type-post","status-publish","format-standard","hentry","category-okategoriserad"],"_links":{"self":[{"href":"https:\/\/blogg.improveme.se\/tanjafylking\/wp-json\/wp\/v2\/posts\/10921","targetHints":{"allow":["GET"]}}],"collection":[{"href":"https:\/\/blogg.improveme.se\/tanjafylking\/wp-json\/wp\/v2\/posts"}],"about":[{"href":"https:\/\/blogg.improveme.se\/tanjafylking\/wp-json\/wp\/v2\/types\/post"}],"author":[{"embeddable":true,"href":"https:\/\/blogg.improveme.se\/tanjafylking\/wp-json\/wp\/v2\/users\/2675"}],"replies":[{"embeddable":true,"href":"https:\/\/blogg.improveme.se\/tanjafylking\/wp-json\/wp\/v2\/comments?post=10921"}],"version-history":[{"count":0,"href":"https:\/\/blogg.improveme.se\/tanjafylking\/wp-json\/wp\/v2\/posts\/10921\/revisions"}],"wp:attachment":[{"href":"https:\/\/blogg.improveme.se\/tanjafylking\/wp-json\/wp\/v2\/media?parent=10921"}],"wp:term":[{"taxonomy":"category","embeddable":true,"href":"https:\/\/blogg.improveme.se\/tanjafylking\/wp-json\/wp\/v2\/categories?post=10921"},{"taxonomy":"post_tag","embeddable":true,"href":"https:\/\/blogg.improveme.se\/tanjafylking\/wp-json\/wp\/v2\/tags?post=10921"}],"curies":[{"name":"wp","href":"https:\/\/api.w.org\/{rel}","templated":true}]}}