{"id":18060,"date":"2014-11-02T15:25:56","date_gmt":"2014-11-02T14:25:56","guid":{"rendered":"http:\/\/blogg.improveme.se\/theresemodig\/?p=18060"},"modified":"2014-11-02T15:49:19","modified_gmt":"2014-11-02T14:49:19","slug":"halloweenfest-pa-solje-herrgard","status":"publish","type":"post","link":"https:\/\/blogg.improveme.se\/theresemodig\/2014\/11\/02\/halloweenfest-pa-solje-herrgard\/","title":{"rendered":"Halloweenfest p\u00e5 S\u00f6lje Herrg\u00e5rd"},"content":{"rendered":"<p>Vilket fantastiskt familjehem Johan har h\u00e4r i S\u00f6lje,V\u00e4rmland. 30 minuter d\u00e4rifr\u00e5n vi bor i Borgvik. H\u00e4r h\u00f6lls middagen med hela 35 personer som Johan med sin Camilla bjudit in. B\u00e4ttre st\u00e4lle f\u00f6r Halloween \u00e4r sv\u00e5rt att hitta. En herrg\u00e5rd bel\u00e4get precis vid vattnet med 21 rum d\u00e5 vi alla fixade och bytte om h\u00e4r och sen var f\u00f6rdrinken och samlingen uppe p\u00e5 vinden! Kolsvart! D\u00e4r ett rum endast var svagt upplyst l\u00e4ngst bort och d\u00e4r en man l\u00e5g i s\u00e4ngen med ryggen mot och sov!! Skitl\u00e4skigt!! B\u00f6rja r\u00e4kna i g\u00e4nget, vem tusan \u00e4r det?! Vem ligger d\u00e4r! I andra \u00e4nden av vinden det andra barnrummet d\u00e4r ett leksakst\u00e5g gick, runt,runt! Pl\u00f6tsligt ett skrik och d\u00e5 satt en dam i gungstol utanf\u00f6r! H\u00f6ll p\u00e5 sm\u00e4lla av! Johans mamma! Hahaha! <\/p>\n<p><a href=\"http:\/\/blogg.improveme.se\/theresemodig\/files\/2014\/11\/IMG_8541.jpg\"><img decoding=\"async\" src=\"http:\/\/blogg.improveme.se\/theresemodig\/files\/2014\/11\/IMG_8541.jpg\" alt=\"IMG_8541.JPG\" class=\"alignnone size-full\" \/><\/a><\/p>\n<p><a href=\"http:\/\/blogg.improveme.se\/theresemodig\/files\/2014\/11\/IMG_8571-0.jpg\"><img decoding=\"async\" src=\"http:\/\/blogg.improveme.se\/theresemodig\/files\/2014\/11\/IMG_8571-0.jpg\" alt=\"IMG_8571-0.JPG\" class=\"alignnone size-full\" \/><\/a><\/p>\n<p><a href=\"http:\/\/blogg.improveme.se\/theresemodig\/files\/2014\/11\/IMG_8514-1.jpg\"><img decoding=\"async\" src=\"http:\/\/blogg.improveme.se\/theresemodig\/files\/2014\/11\/IMG_8514-1.jpg\" alt=\"IMG_8514-1.JPG\" class=\"alignnone size-full\" \/><\/a><\/p>\n<p><a href=\"http:\/\/blogg.improveme.se\/theresemodig\/files\/2014\/11\/IMG_8520.jpg\"><img decoding=\"async\" src=\"http:\/\/blogg.improveme.se\/theresemodig\/files\/2014\/11\/IMG_8520.jpg\" alt=\"IMG_8520.JPG\" class=\"alignnone size-full\" \/><\/a><\/p>\n<p><a href=\"http:\/\/blogg.improveme.se\/theresemodig\/files\/2014\/11\/IMG_8570.jpg\"><img decoding=\"async\" src=\"http:\/\/blogg.improveme.se\/theresemodig\/files\/2014\/11\/IMG_8570.jpg\" alt=\"IMG_8570.JPG\" class=\"alignnone size-full\" \/><\/a><\/p>\n<p><a href=\"http:\/\/blogg.improveme.se\/theresemodig\/files\/2014\/11\/IMG_8569.jpg\"><img decoding=\"async\" src=\"http:\/\/blogg.improveme.se\/theresemodig\/files\/2014\/11\/IMG_8569.jpg\" alt=\"IMG_8569.JPG\" class=\"alignnone size-full\" \/><\/a><br \/>\nRickard Herrey hade inte sina gyllene skor p\u00e5 sig ikv\u00e4ll inte. Anf\u00f6ll dj\u00e4vulen! Och j\u00e4klar! Vem \u00e4r du?!<\/p>\n<p><a href=\"http:\/\/blogg.improveme.se\/theresemodig\/files\/2014\/11\/IMG_8586.jpg\"><img decoding=\"async\" src=\"http:\/\/blogg.improveme.se\/theresemodig\/files\/2014\/11\/IMG_8586.jpg\" alt=\"IMG_8586.JPG\" class=\"alignnone size-full\" \/><\/a><br \/>\nAh! Tanja!:) Kontorszombien!<\/p>\n<p><a href=\"http:\/\/blogg.improveme.se\/theresemodig\/files\/2014\/11\/IMG_8585.jpg\"><img decoding=\"async\" src=\"http:\/\/blogg.improveme.se\/theresemodig\/files\/2014\/11\/IMG_8585.jpg\" alt=\"IMG_8585.JPG\" class=\"alignnone size-full\" \/><\/a><\/p>\n<p><a href=\"http:\/\/blogg.improveme.se\/theresemodig\/files\/2014\/11\/IMG_8572-0.jpg\"><img decoding=\"async\" src=\"http:\/\/blogg.improveme.se\/theresemodig\/files\/2014\/11\/IMG_8572-0.jpg\" alt=\"IMG_8572-0.JPG\" class=\"alignnone size-full\" \/><\/a><\/p>\n<p><a href=\"http:\/\/blogg.improveme.se\/theresemodig\/files\/2014\/11\/IMG_8573-2.jpg\"><img decoding=\"async\" src=\"http:\/\/blogg.improveme.se\/theresemodig\/files\/2014\/11\/IMG_8573-2.jpg\" alt=\"IMG_8573-2.JPG\" class=\"alignnone size-full\" \/><\/a><\/p>\n<p><a href=\"http:\/\/blogg.improveme.se\/theresemodig\/files\/2014\/11\/IMG_8574-0.jpg\"><img decoding=\"async\" src=\"http:\/\/blogg.improveme.se\/theresemodig\/files\/2014\/11\/IMG_8574-0.jpg\" alt=\"IMG_8574-0.JPG\" class=\"alignnone size-full\" \/><\/a><\/p>\n<p><a href=\"http:\/\/blogg.improveme.se\/theresemodig\/files\/2014\/11\/IMG_8576-0.jpg\"><img decoding=\"async\" src=\"http:\/\/blogg.improveme.se\/theresemodig\/files\/2014\/11\/IMG_8576-0.jpg\" alt=\"IMG_8576-0.JPG\" class=\"alignnone size-full\" \/><\/a><\/p>\n<p><a href=\"http:\/\/blogg.improveme.se\/theresemodig\/files\/2014\/11\/IMG_8575.jpg\"><img decoding=\"async\" src=\"http:\/\/blogg.improveme.se\/theresemodig\/files\/2014\/11\/IMG_8575.jpg\" alt=\"IMG_8575.JPG\" class=\"alignnone size-full\" \/><\/a><br \/>\nSo we meet again! Mina bordsherrar! Christer och Christer! Christer Fuglesang. Som senare hamnade p\u00e5 bordet! \ud83d\ude42<\/p>\n<p><a href=\"http:\/\/blogg.improveme.se\/theresemodig\/files\/2014\/11\/IMG_8578.jpg\"><img decoding=\"async\" src=\"http:\/\/blogg.improveme.se\/theresemodig\/files\/2014\/11\/IMG_8578.jpg\" alt=\"IMG_8578.JPG\" class=\"alignnone size-full\" \/><\/a><\/p>\n<p><a href=\"http:\/\/blogg.improveme.se\/theresemodig\/files\/2014\/11\/IMG_8577.jpg\"><img decoding=\"async\" src=\"http:\/\/blogg.improveme.se\/theresemodig\/files\/2014\/11\/IMG_8577.jpg\" alt=\"IMG_8577.JPG\" class=\"alignnone size-full\" \/><\/a><br \/>\nSj\u00e4lvaste Herr Petr\u00e9 &#8211; Johan Petr\u00e9. Vilken fantastisk middag han bj\u00f6d in p\u00e5 och helt fantastiskt att vi alla f\u00e5r vara h\u00e4r d\u00e5 familjen tog emot oss alla med \u00f6ppna famnar d\u00e4r dom verkligen fick oss att k\u00e4nna sig som hemma. Hatten av Familjen Petr\u00e9 f\u00f6r g\u00e4stv\u00e4nligheten och allt ni fixat och vilken underbar sk\u00f6n blandning av m\u00e4nniskor! Nya,gamla v\u00e4nner, unga, sm\u00e5 som gamla. Johan vet verkligen hur man f\u00e5r ihop en fest och f\u00e5 folk att trivas och nog ingen slump att han driver Petr\u00e9 Event till vardags &#8211; ett av landets fr\u00e4msta eventbolag om jag f\u00e5r s\u00e4ga mitt. Det d\u00e4r har han i kroppen och sv\u00e5rt att inte f\u00e5 kul n\u00e4r Johan roddar. H\u00e4r nedan med sin vackra Camilla.<\/p>\n<p><a href=\"http:\/\/blogg.improveme.se\/theresemodig\/files\/2014\/11\/IMG_8539.jpg\"><img decoding=\"async\" src=\"http:\/\/blogg.improveme.se\/theresemodig\/files\/2014\/11\/IMG_8539.jpg\" alt=\"IMG_8539.JPG\" class=\"alignnone size-full\" \/><\/a><\/p>\n<p><a href=\"http:\/\/blogg.improveme.se\/theresemodig\/files\/2014\/11\/IMG_8529.jpg\"><img decoding=\"async\" src=\"http:\/\/blogg.improveme.se\/theresemodig\/files\/2014\/11\/IMG_8529.jpg\" alt=\"IMG_8529.JPG\" class=\"alignnone size-full\" \/><\/a><\/p>\n<p><a href=\"http:\/\/blogg.improveme.se\/theresemodig\/files\/2014\/11\/IMG_8542.jpg\"><img decoding=\"async\" src=\"http:\/\/blogg.improveme.se\/theresemodig\/files\/2014\/11\/IMG_8542.jpg\" alt=\"IMG_8542.JPG\" class=\"alignnone size-full\" \/><\/a><br \/>\nMarie Herrey. Christer hade lite sv\u00e5rt att sv\u00e4lja under middagen..:)<\/p>\n<p><a href=\"http:\/\/blogg.improveme.se\/theresemodig\/files\/2014\/11\/IMG_8512.jpg\"><img decoding=\"async\" src=\"http:\/\/blogg.improveme.se\/theresemodig\/files\/2014\/11\/IMG_8512.jpg\" alt=\"IMG_8512.JPG\" class=\"alignnone size-full\" \/><\/a><br \/>\nChrister fick loss och gick loss p\u00e5 kniven senare och l\u00e4rde alla barn vad man skulle g\u00f6ra. Bra Christer, j\u00e4tte bra! Hahaha! Min man allts\u00e5!:)<\/p>\n<p><a href=\"http:\/\/blogg.improveme.se\/theresemodig\/files\/2014\/11\/IMG_8580.jpg\"><img decoding=\"async\" src=\"http:\/\/blogg.improveme.se\/theresemodig\/files\/2014\/11\/IMG_8580.jpg\" alt=\"IMG_8580.JPG\" class=\"alignnone size-full\" \/><\/a><\/p>\n<p><a href=\"http:\/\/blogg.improveme.se\/theresemodig\/files\/2014\/11\/IMG_8581.jpg\"><img decoding=\"async\" src=\"http:\/\/blogg.improveme.se\/theresemodig\/files\/2014\/11\/IMG_8581.jpg\" alt=\"IMG_8581.JPG\" class=\"alignnone size-full\" \/><\/a><\/p>\n<p><a href=\"http:\/\/blogg.improveme.se\/theresemodig\/files\/2014\/11\/IMG_8582.jpg\"><img decoding=\"async\" src=\"http:\/\/blogg.improveme.se\/theresemodig\/files\/2014\/11\/IMG_8582.jpg\" alt=\"IMG_8582.JPG\" class=\"alignnone size-full\" \/><\/a><\/p>\n<p><a href=\"http:\/\/blogg.improveme.se\/theresemodig\/files\/2014\/11\/IMG_8583.jpg\"><img decoding=\"async\" src=\"http:\/\/blogg.improveme.se\/theresemodig\/files\/2014\/11\/IMG_8583.jpg\" alt=\"IMG_8583.JPG\" class=\"alignnone size-full\" \/><\/a><br \/>\nMagisk kv\u00e4ll och fest. Dags att g\u00e5 hem men hitta inte Christer&#8230;ah&#8230;he&#8217;s still behind me, is&#8217;nt he?!<\/p>\n<p><a href=\"http:\/\/blogg.improveme.se\/theresemodig\/files\/2014\/11\/IMG_8584.jpg\"><img decoding=\"async\" src=\"http:\/\/blogg.improveme.se\/theresemodig\/files\/2014\/11\/IMG_8584.jpg\" alt=\"IMG_8584.JPG\" class=\"alignnone size-full\" \/><\/a><\/p>\n<p><a href=\"http:\/\/blogg.improveme.se\/theresemodig\/files\/2014\/11\/IMG_8587.jpg\"><img decoding=\"async\" src=\"http:\/\/blogg.improveme.se\/theresemodig\/files\/2014\/11\/IMG_8587.jpg\" alt=\"IMG_8587.JPG\" class=\"alignnone size-full\" \/><\/a><br \/>\nDet t\u00e4r att vara dj\u00e4vulen en hel kv\u00e4ll! \u00c4lskling &#8211; din mascara har runnit lite bara..<\/p>\n","protected":false},"excerpt":{"rendered":"<p>Vilket fantastiskt familjehem Johan har h\u00e4r i S\u00f6lje,V\u00e4rmland. 30 minuter d\u00e4rifr\u00e5n vi bor i Borgvik. H\u00e4r h\u00f6lls middagen med hela 35 personer som Johan med sin Camilla bjudit in. B\u00e4ttre st\u00e4lle f\u00f6r Halloween \u00e4r sv\u00e5rt att hitta. En herrg\u00e5rd bel\u00e4get precis vid vattnet med 21 rum d\u00e5 vi alla fixade och bytte om h\u00e4r och &#8230; <a title=\"Halloweenfest p\u00e5 S\u00f6lje Herrg\u00e5rd\" class=\"read-more\" href=\"https:\/\/blogg.improveme.se\/theresemodig\/2014\/11\/02\/halloweenfest-pa-solje-herrgard\/\" aria-label=\"L\u00e4s mer om Halloweenfest p\u00e5 S\u00f6lje Herrg\u00e5rd\">L\u00e4s mer<\/a><\/p>\n","protected":false},"author":3560,"featured_media":0,"comment_status":"open","ping_status":"open","sticky":false,"template":"","format":"standard","meta":{"footnotes":""},"categories":[1],"tags":[],"class_list":["post-18060","post","type-post","status-publish","format-standard","hentry","category-okategoriserad"],"_links":{"self":[{"href":"https:\/\/blogg.improveme.se\/theresemodig\/wp-json\/wp\/v2\/posts\/18060","targetHints":{"allow":["GET"]}}],"collection":[{"href":"https:\/\/blogg.improveme.se\/theresemodig\/wp-json\/wp\/v2\/posts"}],"about":[{"href":"https:\/\/blogg.improveme.se\/theresemodig\/wp-json\/wp\/v2\/types\/post"}],"author":[{"embeddable":true,"href":"https:\/\/blogg.improveme.se\/theresemodig\/wp-json\/wp\/v2\/users\/3560"}],"replies":[{"embeddable":true,"href":"https:\/\/blogg.improveme.se\/theresemodig\/wp-json\/wp\/v2\/comments?post=18060"}],"version-history":[{"count":0,"href":"https:\/\/blogg.improveme.se\/theresemodig\/wp-json\/wp\/v2\/posts\/18060\/revisions"}],"wp:attachment":[{"href":"https:\/\/blogg.improveme.se\/theresemodig\/wp-json\/wp\/v2\/media?parent=18060"}],"wp:term":[{"taxonomy":"category","embeddable":true,"href":"https:\/\/blogg.improveme.se\/theresemodig\/wp-json\/wp\/v2\/categories?post=18060"},{"taxonomy":"post_tag","embeddable":true,"href":"https:\/\/blogg.improveme.se\/theresemodig\/wp-json\/wp\/v2\/tags?post=18060"}],"curies":[{"name":"wp","href":"https:\/\/api.w.org\/{rel}","templated":true}]}}