{"id":9843,"date":"2013-09-16T17:42:36","date_gmt":"2013-09-16T16:42:36","guid":{"rendered":"http:\/\/blogg.improveme.se\/theresemodig\/?p=9843"},"modified":"2013-09-16T17:45:52","modified_gmt":"2013-09-16T16:45:52","slug":"morgonsang","status":"publish","type":"post","link":"https:\/\/blogg.improveme.se\/theresemodig\/2013\/09\/16\/morgonsang\/","title":{"rendered":"Morgons\u00e5ng"},"content":{"rendered":"<p>Man blir aldrig f\u00f6r gammal f\u00f6r fira f\u00f6delsedagar och vakna<br \/>\nf\u00f6r tidigt, l\u00e5tsas sova medan det st\u00f6kas och l\u00e5tsas vakna n\u00e4r man<br \/>\nh\u00f6r s\u00e5ngen! Hihihi! Jag tror jag vaknade halv fem i morse! \ud83d\ude42<br \/>\nChrister bj\u00f6d p\u00e5 fin s\u00e5ng och s\u00e5 fina presenter! Tack \u00e4lskling f\u00f6r att du \u00e4r s\u00e5 underbar! \u00c4lskar<br \/>\nDig!! Vad ska vi g\u00f6ra ikv\u00e4ll??? Christer har n\u00e5got fuffens f\u00f6r sig<br \/>\n\u00e4ven i kv\u00e4ll! \ud83d\ude42 <\/p>\n<p><a href=\"http:\/\/blogg.improveme.se\/theresemodig\/files\/2013\/09\/20130916-181938.jpg\"><img decoding=\"async\" src=\"http:\/\/blogg.improveme.se\/theresemodig\/files\/2013\/09\/20130916-181938.jpg\" alt=\"20130916-181938.jpg\" class=\"alignnone size-full\" \/><\/a><\/p>\n<p><a href=\"http:\/\/blogg.improveme.se\/theresemodig\/files\/2013\/09\/20130916-182319.jpg\"><img decoding=\"async\" src=\"http:\/\/blogg.improveme.se\/theresemodig\/files\/2013\/09\/20130916-182319.jpg\" alt=\"20130916-182319.jpg\" class=\"alignnone size-full\" \/><\/a><\/p>\n<p><a href=\"http:\/\/blogg.improveme.se\/theresemodig\/files\/2013\/09\/20130916-182652.jpg\"><img decoding=\"async\" src=\"http:\/\/blogg.improveme.se\/theresemodig\/files\/2013\/09\/20130916-182652.jpg\" alt=\"20130916-182652.jpg\" class=\"alignnone size-full\" \/><\/a><\/p>\n","protected":false},"excerpt":{"rendered":"<p>Man blir aldrig f\u00f6r gammal f\u00f6r fira f\u00f6delsedagar och vakna f\u00f6r tidigt, l\u00e5tsas sova medan det st\u00f6kas och l\u00e5tsas vakna n\u00e4r man h\u00f6r s\u00e5ngen! Hihihi! Jag tror jag vaknade halv fem i morse! \ud83d\ude42 Christer bj\u00f6d p\u00e5 fin s\u00e5ng och s\u00e5 fina presenter! Tack \u00e4lskling f\u00f6r att du \u00e4r s\u00e5 underbar! \u00c4lskar Dig!! Vad ska &#8230; <a title=\"Morgons\u00e5ng\" class=\"read-more\" href=\"https:\/\/blogg.improveme.se\/theresemodig\/2013\/09\/16\/morgonsang\/\" aria-label=\"L\u00e4s mer om Morgons\u00e5ng\">L\u00e4s mer<\/a><\/p>\n","protected":false},"author":3560,"featured_media":0,"comment_status":"open","ping_status":"open","sticky":false,"template":"","format":"standard","meta":{"footnotes":""},"categories":[1],"tags":[],"class_list":["post-9843","post","type-post","status-publish","format-standard","hentry","category-okategoriserad"],"_links":{"self":[{"href":"https:\/\/blogg.improveme.se\/theresemodig\/wp-json\/wp\/v2\/posts\/9843","targetHints":{"allow":["GET"]}}],"collection":[{"href":"https:\/\/blogg.improveme.se\/theresemodig\/wp-json\/wp\/v2\/posts"}],"about":[{"href":"https:\/\/blogg.improveme.se\/theresemodig\/wp-json\/wp\/v2\/types\/post"}],"author":[{"embeddable":true,"href":"https:\/\/blogg.improveme.se\/theresemodig\/wp-json\/wp\/v2\/users\/3560"}],"replies":[{"embeddable":true,"href":"https:\/\/blogg.improveme.se\/theresemodig\/wp-json\/wp\/v2\/comments?post=9843"}],"version-history":[{"count":0,"href":"https:\/\/blogg.improveme.se\/theresemodig\/wp-json\/wp\/v2\/posts\/9843\/revisions"}],"wp:attachment":[{"href":"https:\/\/blogg.improveme.se\/theresemodig\/wp-json\/wp\/v2\/media?parent=9843"}],"wp:term":[{"taxonomy":"category","embeddable":true,"href":"https:\/\/blogg.improveme.se\/theresemodig\/wp-json\/wp\/v2\/categories?post=9843"},{"taxonomy":"post_tag","embeddable":true,"href":"https:\/\/blogg.improveme.se\/theresemodig\/wp-json\/wp\/v2\/tags?post=9843"}],"curies":[{"name":"wp","href":"https:\/\/api.w.org\/{rel}","templated":true}]}}